{"id":26519,"date":"2023-08-19T21:11:23","date_gmt":"2023-08-20T02:11:23","guid":{"rendered":"https:\/\/mascolombia.com\/attention-these-are-the-transportation-restrictions-for-the-august-21-holiday-weekend-nationwide-and-the-status-of-the-bogota-villavicencio-road\/"},"modified":"2023-08-19T21:11:23","modified_gmt":"2023-08-20T02:11:23","slug":"attention-these-are-the-transportation-restrictions-for-the-august-21-holiday-weekend-nationwide-and-the-status-of-the-bogota-villavicencio-road","status":"publish","type":"post","link":"https:\/\/mascolombia.com\/en\/attention-these-are-the-transportation-restrictions-for-the-august-21-holiday-weekend-nationwide-and-the-status-of-the-bogota-villavicencio-road\/","title":{"rendered":"Attention: these are the transportation restrictions for the August 21 holiday weekend nationwide and the status of the Bogot\u00e1 &#8211; Villavicencio road"},"content":{"rendered":"\n<p>Through a press release, the Ministry of Transportation pointed out that <strong>vehicles carrying cargo equal to or greater than 3.4 tons will have restrictions on national roads<\/strong> from today, August 18, until August 21, due to the holiday of the Assumption of the Virgin.<\/p>\n\n<p>You may be interested in: <a href=\"https:\/\/mascolombia.com\/en\/protests-harsh-warning-to-the-national-federation-of-coffee-growers-plummeting-production-and-exports-what-is-happening-in-the-sector\/\"><strong>Protests, harsh warning to the National Federation of Coffee Growers, plummeting production and exports: What is happening in the sector?<\/strong><\/a><\/p>\n\n<p>The statement also notes that the transportation restrictions for this holiday bridge do not include the Bogot\u00e1 &#8211; Villavicencio &#8211; Acac\u00edas road, due to the emergency on the V\u00eda al Llano and the limitations of the alternate roads connecting the capital of the Republic with the Meta, according to the provisions set forth in Resolutions 761 of April 1, 2013 and 0002307 of August 12, 2014.<\/p>\n\n<p>Article 43 of Resolution 0002307 of August 12, 2014 states, \u201cIf there is congestion or obstruction of the roads due to high vehicular flow or emergency situations on the days referred to in the preceding article or in any road corridor, the Interinstitutional Committee for the Adoption and Execution of the Comprehensive Strategic Plan for Safety and Mobility shall implement traffic regulation plans (reversible, counter flow, road rings), as appropriate, in order to ensure the mobilization of vehicles\u201d.<\/p>\n\n<p><strong>In view of this situation, and due to the total closure of the road to El Llano, no vehicle will be able to transit through this road until the transportation authority communicates its opening.<\/strong><\/p>\n\n<blockquote class=\"twitter-tweet\" data-width=\"500\" data-dnt=\"true\"><p lang=\"es\" dir=\"ltr\">\ud83d\udea8Atenci\u00f3n\ud83d\udea8Recomendamos abstenerse de viajar por este corredor de la v\u00eda al Llano. Por la magnitud del evento, a\u00fan no se cuenta con un tiempo estimado de apertura <a href=\"https:\/\/t.co\/bJ3Zp1281m\">https:\/\/t.co\/bJ3Zp1281m<\/a><\/p>&mdash; MinTransporte (@MinTransporteCo) <a href=\"https:\/\/twitter.com\/MinTransporteCo\/status\/1692516167053607294?ref_src=twsrc%5Etfw\" target=\"_blank\" rel=\"noopener\">August 18, 2023<\/a><\/blockquote><script async src=\"https:\/\/platform.twitter.com\/widgets.js\" charset=\"utf-8\"><\/script>\n\n<p>According to MinTransporte, transportation restrictions nationwide begin at 12:00 a.m. today and continue until the holiday Monday, August 21.<\/p>\n\n<p>The Vice Minister of Transportation, Eduardo Enriquez Caicedo, said, \u201cWe want to make a very special call to all Colombians so that on this holiday weekend we can drive and take care of life. That we carry our technical-mechanical revision and that we can also arrive home with the respective care\u201d.<\/p>\n\n<p>You may also read: <a href=\"https:\/\/mascolombia.com\/en\/with-new-tremor-googles-earthquake-alert-showed-its-usefulness-again-learn-how-to-activate-it\/\"><strong>With new tremor, Google\u2019s earthquake alert showed its usefulness again: learn how to activate it<\/strong><\/a><\/p>\n\n<h2 class=\"wp-block-heading\">Transportation restrictions for the August 21 holiday<\/h2>\n\n<h3 class=\"wp-block-heading\">Friday, August 18<\/h3>\n\n<p><strong>Transportation restrictions<\/strong> will be in place on all outbound <strong>routes from Bogota and Cundinamarca<\/strong>. The measure starts <strong>at 3:00 p.m.<\/strong> and ends<strong> at 11:00 p.m<\/strong>. on Friday, August 18.<\/p>\n\n<p>On the other hand, transportation restrictions on roads Bogot\u00e1 &#8211; Soacha &#8211; Fusagasug\u00e1 &#8211; Melgar &#8211; Ibagu\u00e9; Ibagu\u00e9 &#8211; Calarc\u00e1 &#8211; Pereira &#8211; Cartago &#8211; La Paila will be in <strong>both directions<\/strong> and will be in effect <strong>from 12:00 noon until 11:00 p.m.<\/strong><\/p>\n\n<h3 class=\"wp-block-heading\">Saturday, August 19<\/h3>\n\n<p>Transportation restrictions for this day apply to all roads nationwide in both directions, from 6:00 a.m. to 3:00 p.m.<\/p>\n\n<h3 class=\"wp-block-heading\">Sunday, August 20<\/h3>\n\n<p>Transportation restrictions apply in <strong>both directions<\/strong> only in the roads Bogot\u00e1 &#8211; Girardot &#8211; Ibagu\u00e9; Ibagu\u00e9 &#8211; Calarc\u00e1 &#8211; Pereira &#8211; Cartago &#8211; La Paila from 4:00 p.m. until 11:00 p.m.<\/p>\n\n<h3 class=\"wp-block-heading\">Monday, August 21<\/h3>\n\n<p>Transportation restrictions for the holiday Monday will be in both directions and from 12:00 a.m. to 11:00 p.m.<\/p>\n\n<p>On the roads Bogot\u00e1 &#8211; Girardot &#8211; Ibagu\u00e9; Ibagu\u00e9 &#8211; Calarc\u00e1 &#8211; Pereira &#8211; Cartago &#8211; La Paila, restrictions will be in both directions but from 8:00 a.m. to 1:00 a.m. on Tuesday, August 22.<\/p>\n\n<h2 class=\"wp-block-heading\">Safety on the roads during this holiday long weekend<\/h2>\n\n<p>In view of the figures of deaths on the roads during the holiday bridge of the Assumption of the Virgin of 2022, in which 58% occurred in urban areas, while 42% were in rural areas, the National Road Safety Agency (ANSV) calls for a commitment to safety in mobility to citizens who will travel during the upcoming holiday weekend, especially those who travel on the internal roads of the country\u2019s municipalities.<\/p>\n\n<p>Simultaneously, during this holiday period, the National Roads Institute (INV\u00cdAS) will implement actions through its National Road Safety Program (PSCN) to ensure safer and smoother journeys.&#13;\nRoad users may report any news or public order situation on the roads through <strong>option 4 of the toll-free line #767.<\/strong><\/p>\n\n<p>Keep reading: <a href=\"https:\/\/mascolombia.com\/en\/icetex-bill-will-finally-be-easy-to-understand-entity-announces-invoice-changes\/\"><strong>Icetex bill will finally be easy to understand: entity announces invoice changes<\/strong><\/a><\/p>\n","protected":false},"excerpt":{"rendered":"<p>The Ministry of Transportation announced transportation restrictions for this holiday weekend. The measure is aimed at vehicles of 3.4 tons or more nationwide and excludes the Bogot\u00e1 &#8211; Villavicencio &#8211; Acac\u00edas road.<\/p>\n","protected":false},"author":1,"featured_media":26433,"comment_status":"closed","ping_status":"closed","sticky":false,"template":"","format":"standard","meta":{"_acf_changed":false,"rank_math_focus_keyword":"transportation restrictions","rank_math_title":"","rank_math_description":"","rank_math_primary_category":"","footnotes":""},"categories":[764,772],"tags":[776],"mc_distribution":[688],"class_list":["post-26519","post","type-post","status-publish","format-standard","has-post-thumbnail","hentry","category-industry","category-transportation","tag-article","mc_distribution-ninguna"],"acf":[],"amp_enabled":true,"_links":{"self":[{"href":"https:\/\/mascolombia.com\/en\/wp-json\/wp\/v2\/posts\/26519","targetHints":{"allow":["GET"]}}],"collection":[{"href":"https:\/\/mascolombia.com\/en\/wp-json\/wp\/v2\/posts"}],"about":[{"href":"https:\/\/mascolombia.com\/en\/wp-json\/wp\/v2\/types\/post"}],"author":[{"embeddable":true,"href":"https:\/\/mascolombia.com\/en\/wp-json\/wp\/v2\/users\/1"}],"replies":[{"embeddable":true,"href":"https:\/\/mascolombia.com\/en\/wp-json\/wp\/v2\/comments?post=26519"}],"version-history":[{"count":0,"href":"https:\/\/mascolombia.com\/en\/wp-json\/wp\/v2\/posts\/26519\/revisions"}],"wp:featuredmedia":[{"embeddable":true,"href":"https:\/\/mascolombia.com\/en\/wp-json\/wp\/v2\/media\/26433"}],"wp:attachment":[{"href":"https:\/\/mascolombia.com\/en\/wp-json\/wp\/v2\/media?parent=26519"}],"wp:term":[{"taxonomy":"category","embeddable":true,"href":"https:\/\/mascolombia.com\/en\/wp-json\/wp\/v2\/categories?post=26519"},{"taxonomy":"post_tag","embeddable":true,"href":"https:\/\/mascolombia.com\/en\/wp-json\/wp\/v2\/tags?post=26519"},{"taxonomy":"mc_distribution","embeddable":true,"href":"https:\/\/mascolombia.com\/en\/wp-json\/wp\/v2\/mc_distribution?post=26519"}],"curies":[{"name":"wp","href":"https:\/\/api.w.org\/{rel}","templated":true}]}}