{"id":27031,"date":"2023-08-27T10:57:20","date_gmt":"2023-08-27T15:57:20","guid":{"rendered":"https:\/\/mascolombia.com\/deterioration-of-the-metropolitan-cathedral-basilica-of-medellin-auction-for-its-restoration-is-being-organized\/"},"modified":"2023-08-27T10:57:21","modified_gmt":"2023-08-27T15:57:21","slug":"deterioration-of-the-metropolitan-cathedral-basilica-of-medellin-auction-for-its-restoration-is-being-organized","status":"publish","type":"post","link":"https:\/\/mascolombia.com\/en\/deterioration-of-the-metropolitan-cathedral-basilica-of-medellin-auction-for-its-restoration-is-being-organized\/","title":{"rendered":"Deterioration of the Metropolitan Cathedral Basilica of Medellin: auction for its restoration is being organized"},"content":{"rendered":"\n<p>Inhabitants of the capital of Antioquia have denounced the deplorable state of the Metropolitan Cathedral Basilica of Medellin, whose deterioration is a source of dismay among local residents.<\/p>\n\n<p>In order to raise funds for the restoration of this iconic architectural monument, built at the beginning of the 20th century, a group of businessmen is promoting a dinner &#8211; art auction, scheduled for the end of this month.<\/p>\n\n<p>For some, the state of the Metropolitan Cathedral Basilica of Medellin is attributed to factors that go beyond the passage of time, and point out that in recent years there have been several actions that threaten the conservation of this jewel of the city of eternal spring.<\/p>\n\n<p><strong>You may read: <a href=\"https:\/\/mascolombia.com\/en\/the-magisterial-teachers-competition-is-in-the-final-stretch-all-about-the-composition-of-the-list-of-eligible-candidates\/\">The magisterial teachers\u2019 competition is in the final stretch: all about the composition of the list of eligible candidates<\/a><\/strong><\/p>\n\n<h2 class=\"wp-block-heading\">What is happening to the Metropolitan Cathedral Basilica of Medellin?<\/h2>\n\n<p>This architectural icon, with its impressive fa\u00e7ade and centuries-old history, is crying out for restoration due to the deteriorating state of its structure, caused by a series of actions that wear down the adobe bricks, characteristic of the fa\u00e7ade and a fundamental part of the structure.<\/p>\n\n<p>In many cases, the adobe bricks are used as a material for drug use, say the locals, who also denounce the theft of elements of the construction, such as the metal covering of the original entrance doors and copper details.<\/p>\n\n<p>Such deterioration of the Metropolitan Cathedral Basilica of Medellin, besides compromising the integrity of the building, represents a risk for the cultural heritage of the city of the eternal spring.<\/p>\n\n<p>For their part, the city authorities point out that repairing the damage to the cathedral represents a considerable economic effort, since it is a construction of great historical and cultural importance.<\/p>\n\n<figure class=\"wp-block-image size-large\"><img decoding=\"async\" width=\"1024\" height=\"683\" src=\"https:\/\/mascolombia.com\/wp-content\/uploads\/2023\/08\/catedral-basilica-metropolitana-de-medellin-organizan-subasta-de-arte-para-recaudar-fondos-destinados-a-su-restauracion-1-1024x683.jpg\" alt=\"\" class=\"wp-image-26832\" title=\"\" srcset=\"https:\/\/mascolombia.com\/wp-content\/uploads\/2023\/08\/catedral-basilica-metropolitana-de-medellin-organizan-subasta-de-arte-para-recaudar-fondos-destinados-a-su-restauracion-1-1024x683.jpg 1024w, https:\/\/mascolombia.com\/wp-content\/uploads\/2023\/08\/catedral-basilica-metropolitana-de-medellin-organizan-subasta-de-arte-para-recaudar-fondos-destinados-a-su-restauracion-1-300x200.jpg 300w, https:\/\/mascolombia.com\/wp-content\/uploads\/2023\/08\/catedral-basilica-metropolitana-de-medellin-organizan-subasta-de-arte-para-recaudar-fondos-destinados-a-su-restauracion-1-768x512.jpg 768w, https:\/\/mascolombia.com\/wp-content\/uploads\/2023\/08\/catedral-basilica-metropolitana-de-medellin-organizan-subasta-de-arte-para-recaudar-fondos-destinados-a-su-restauracion-1.jpg 1200w\" sizes=\"(max-width: 1024px) 100vw, 1024px\" \/><figcaption class=\"wp-element-caption\">Interior of the Metropolitan Cathedral Basilica of Medell\u00edn<\/figcaption><\/figure>\n\n<h2 class=\"wp-block-heading\">Art Auction Dinner: a strategy to save the Metropolitan Cathedral Basilica of Medell\u00edn<\/h2>\n\n<p>In order to raise funds to restore the Metropolitan Cathedral Basilica, considered an architectural heritage of the capital of Antioquia, the Hummer House auction house will hold an art dinner auction on Thursday, August 31.<\/p>\n\n<p>The event will take place at the Club Campestre Medell\u00edn, Gran Sal\u00f3n (Calle 16 A Sur #34-950), at 7:00 p.m. where attendees can enjoy a unique evening, participate in the auction to acquire works of art by various artists and enjoy a dinner in an artistic atmosphere.<\/p>\n\n<p>Among the works to be auctioned, attendees will find a selection of works by renowned artists such as Manzur, Botero, Grau, Gustavo V\u00e9lez, Zapata, Luis Fernando Pel\u00e1ez, Germ\u00e1n Londo\u00f1o, \u00c1lvaro Mar\u00edn, Ana Isabel D\u00edez, Ana Mercedes Hoyos, Beatriz Gonz\u00e1lez, D\u00e9bora Arango, Joaqu\u00edn Restrepo and Beatriz Correa, among other great representatives of Colombian art.<\/p>\n\n<p><strong>You may also read: <a href=\"https:\/\/mascolombia.com\/en\/district-enables-new-banks-to-pay-taxes-in-bogota-online-find-out-which-entities-are-available\/\">District enables new banks to pay taxes in Bogota online: find out which entities are available<\/a><\/strong><\/p>\n\n<h2 class=\"wp-block-heading\">Where to buy tickets for the art dinner auction?<\/h2>\n\n<p>The contribution to the art dinner auction for the rescue and revival of the Metropolitan Cathedral Basilica is COP <strong>$200,000<\/strong> per person. Tickets are available through the following telephone numbers: 300 2969100 and 300 8721198.<\/p>\n\n<p>The organizers of the auction, Hammer House, emphasize that every contribution is crucial for the preservation of the Metropolitan Cathedral Basilica of Medellin, and highlights that its current state of deterioration is a reminder of the danger that one of the most important buildings in the country is in.<\/p>\n\n<h2 class=\"wp-block-heading\">History of the Metropolitan Cathedral Basilica of Medell\u00edn<\/h2>\n\n<p>Built between 1874 and 1931, the imposing Metropolitan Cathedral Basilica of Medell\u00edn was erected by the French architect Charles \u00c9mile Carr\u00e9 (1863-1909), to whom we owe its neo-Romanesque style.<\/p>\n\n<p>It is a vast construction of solid brick, located in the Bolivar Park of Medellin, in which about 1,120,000 bricks joined with mortar were used.<\/p>\n\n<p>Its historical value and its outstanding status in national architecture led it to be declared a National Monument of Colombia on March 12, 1982.<\/p>\n\n<p>The cathedral, which was known as the Villanueva Cathedral, is the main temple of the Archdiocese of Medell\u00edn. It is also the seat of the Archbishop and has held the liturgical title of Minor Basilica since 1948, when Pope Pius XII issued the mention on June 12 of that same year.<\/p>\n\n<p>Undoubtedly, the Metropolitan Cathedral Basilica of Medellin is a construction of high cultural interest at the national level, one of the main reasons that motivated entrepreneurs of all kinds to join efforts to safeguard the building from the evident state of deterioration.<\/p>\n\n<p>The organizers of the event, aimed at raising funds for its restoration, hope that strategies such as the art auction dinner will raise sufficient resources to halt the deterioration of the imposing building.<\/p>\n\n<p><strong>Keep reading: <a href=\"https:\/\/mascolombia.com\/en\/the-bogota-theater-and-circus-festival-2023-opens-today-and-its-free-these-are-the-dates-times-and-venues\/\">The Bogota Theater and Circus Festival 2023 opens today and it\u2019s free: these are the dates, times and venues<\/a><\/strong><\/p>\n","protected":false},"excerpt":{"rendered":"<p>The Metropolitan Cathedral Basilica of Medell\u00edn, one of the most emblematic buildings of the capital of Antioquia, is causing concern due to its evident deterioration. Businessmen are organizing a fundraising event to raise funds for its restoration.<\/p>\n","protected":false},"author":1,"featured_media":26830,"comment_status":"closed","ping_status":"closed","sticky":false,"template":"","format":"standard","meta":{"_acf_changed":false,"rank_math_focus_keyword":"Metropolitan Cathedral Basilica of Medell\u00edn","rank_math_title":"","rank_math_description":"","rank_math_primary_category":"","footnotes":""},"categories":[764],"tags":[776],"mc_distribution":[989],"class_list":["post-27031","post","type-post","status-publish","format-standard","has-post-thumbnail","hentry","category-industry","tag-article","mc_distribution-suscriptores-generales"],"acf":[],"amp_enabled":true,"_links":{"self":[{"href":"https:\/\/mascolombia.com\/en\/wp-json\/wp\/v2\/posts\/27031","targetHints":{"allow":["GET"]}}],"collection":[{"href":"https:\/\/mascolombia.com\/en\/wp-json\/wp\/v2\/posts"}],"about":[{"href":"https:\/\/mascolombia.com\/en\/wp-json\/wp\/v2\/types\/post"}],"author":[{"embeddable":true,"href":"https:\/\/mascolombia.com\/en\/wp-json\/wp\/v2\/users\/1"}],"replies":[{"embeddable":true,"href":"https:\/\/mascolombia.com\/en\/wp-json\/wp\/v2\/comments?post=27031"}],"version-history":[{"count":0,"href":"https:\/\/mascolombia.com\/en\/wp-json\/wp\/v2\/posts\/27031\/revisions"}],"wp:featuredmedia":[{"embeddable":true,"href":"https:\/\/mascolombia.com\/en\/wp-json\/wp\/v2\/media\/26830"}],"wp:attachment":[{"href":"https:\/\/mascolombia.com\/en\/wp-json\/wp\/v2\/media?parent=27031"}],"wp:term":[{"taxonomy":"category","embeddable":true,"href":"https:\/\/mascolombia.com\/en\/wp-json\/wp\/v2\/categories?post=27031"},{"taxonomy":"post_tag","embeddable":true,"href":"https:\/\/mascolombia.com\/en\/wp-json\/wp\/v2\/tags?post=27031"},{"taxonomy":"mc_distribution","embeddable":true,"href":"https:\/\/mascolombia.com\/en\/wp-json\/wp\/v2\/mc_distribution?post=27031"}],"curies":[{"name":"wp","href":"https:\/\/api.w.org\/{rel}","templated":true}]}}