{"id":273,"name":"Laura Bonilla","url":"","description":"Subdirectora de la fundaci\u00f3n Pares. Polit\u00f3loga, mag\u00edster en estudios pol\u00edticos y latinoamericanista. Experta en paz, seguridad y violencias organizadas.","link":"https:\/\/mascolombia.com\/en\/columnist\/laura-bonilla\/","slug":"laura-bonilla","avatar_urls":{"24":"https:\/\/secure.gravatar.com\/avatar\/f91b2a384e9afdeef7aad4f8b61d4626c565407c5e5677658afd36a748ed7a8b?s=24&d=mm&r=g","48":"https:\/\/secure.gravatar.com\/avatar\/f91b2a384e9afdeef7aad4f8b61d4626c565407c5e5677658afd36a748ed7a8b?s=48&d=mm&r=g","96":"https:\/\/secure.gravatar.com\/avatar\/f91b2a384e9afdeef7aad4f8b61d4626c565407c5e5677658afd36a748ed7a8b?s=96&d=mm&r=g"},"meta":[],"acf":[],"amp_review_panel_dismissed_for_template_mode":"","amp_dev_tools_enabled":false,"_links":{"self":[{"href":"https:\/\/mascolombia.com\/en\/wp-json\/wp\/v2\/users\/273","targetHints":{"allow":["GET"]}}],"collection":[{"href":"https:\/\/mascolombia.com\/en\/wp-json\/wp\/v2\/users"}]}}