{"id":279,"name":"Zuleima Vega Mendoza","url":"","description":"Abogada de la Universidad Cat\u00f3lica de Colombia, actualmente se desempe\u00f1a como Coordinadora del departamento de consumo y competencia en Mu\u00f1oz Abogados.","link":"https:\/\/mascolombia.com\/en\/columnist\/zuleima-vega-mendoza\/","slug":"zuleima-vega-mendoza","avatar_urls":{"24":"https:\/\/secure.gravatar.com\/avatar\/ab4e2d951f7c3e65e402f0b4a1d5bfc7d4b1a7d31c9057743f77bb5ca6c027eb?s=24&d=mm&r=g","48":"https:\/\/secure.gravatar.com\/avatar\/ab4e2d951f7c3e65e402f0b4a1d5bfc7d4b1a7d31c9057743f77bb5ca6c027eb?s=48&d=mm&r=g","96":"https:\/\/secure.gravatar.com\/avatar\/ab4e2d951f7c3e65e402f0b4a1d5bfc7d4b1a7d31c9057743f77bb5ca6c027eb?s=96&d=mm&r=g"},"meta":[],"acf":[],"amp_review_panel_dismissed_for_template_mode":"","amp_dev_tools_enabled":false,"_links":{"self":[{"href":"https:\/\/mascolombia.com\/en\/wp-json\/wp\/v2\/users\/279","targetHints":{"allow":["GET"]}}],"collection":[{"href":"https:\/\/mascolombia.com\/en\/wp-json\/wp\/v2\/users"}]}}