{"id":283,"name":"Angela Morales","url":"","description":"Abogada, especialista en Contrataci\u00f3n Estatal de la Universidad de La Sabana. Es l\u00edder comercial de licitaciones en la firma Mu\u00f1oz Abogados. Est\u00e1 vinculada al \u00e1rea comercial y de Compliance.","link":"https:\/\/mascolombia.com\/en\/columnist\/angela-morales\/","slug":"angela-morales","avatar_urls":{"24":"https:\/\/secure.gravatar.com\/avatar\/c0dbee8d87bafa36607041346110c52cb6f319f2ea9c87ac1be106589e2d3270?s=24&d=mm&r=g","48":"https:\/\/secure.gravatar.com\/avatar\/c0dbee8d87bafa36607041346110c52cb6f319f2ea9c87ac1be106589e2d3270?s=48&d=mm&r=g","96":"https:\/\/secure.gravatar.com\/avatar\/c0dbee8d87bafa36607041346110c52cb6f319f2ea9c87ac1be106589e2d3270?s=96&d=mm&r=g"},"meta":[],"acf":[],"amp_review_panel_dismissed_for_template_mode":"","amp_dev_tools_enabled":false,"_links":{"self":[{"href":"https:\/\/mascolombia.com\/en\/wp-json\/wp\/v2\/users\/283","targetHints":{"allow":["GET"]}}],"collection":[{"href":"https:\/\/mascolombia.com\/en\/wp-json\/wp\/v2\/users"}]}}