{"id":285,"name":"Helen Rojas","url":"","description":"Maestra egresada de la Universidad Pedag\u00f3gica Nacional. Coordinadora e investigadora en asuntos de mujer y g\u00e9nero en el Centro de Investigaciones Econ\u00f3micas Cedetrabajo. Integrante de la Red de Justicia Fiscal Feminista de Am\u00e9rica Latina y estudiante de la Maestr\u00eda en Econom\u00eda y Pol\u00edtica de la Educaci\u00f3n en la Universidad Externado de Colombia.","link":"https:\/\/mascolombia.com\/en\/columnist\/helen-rojas\/","slug":"helen-rojas","avatar_urls":{"24":"https:\/\/secure.gravatar.com\/avatar\/ab976fe22a5a218735580223073aef376b47a94921bef0d3a44121e2ff0bdc17?s=24&d=mm&r=g","48":"https:\/\/secure.gravatar.com\/avatar\/ab976fe22a5a218735580223073aef376b47a94921bef0d3a44121e2ff0bdc17?s=48&d=mm&r=g","96":"https:\/\/secure.gravatar.com\/avatar\/ab976fe22a5a218735580223073aef376b47a94921bef0d3a44121e2ff0bdc17?s=96&d=mm&r=g"},"meta":[],"acf":[],"amp_review_panel_dismissed_for_template_mode":"","amp_dev_tools_enabled":false,"_links":{"self":[{"href":"https:\/\/mascolombia.com\/en\/wp-json\/wp\/v2\/users\/285","targetHints":{"allow":["GET"]}}],"collection":[{"href":"https:\/\/mascolombia.com\/en\/wp-json\/wp\/v2\/users"}]}}